{"id":269,"date":"2019-12-12T13:11:25","date_gmt":"2019-12-12T13:11:25","guid":{"rendered":"http:\/\/mesmomentsprec.wpengine.com\/?p=269"},"modified":"2026-01-06T11:28:35","modified_gmt":"2026-01-06T11:28:35","slug":"temoignage-de-florence-anen-recit-de-son-combat-contre-une-tumeur-au-cerveau","status":"publish","type":"post","link":"https:\/\/mesmomentsprecieux.fr\/en\/temoignages\/temoignage-de-florence-anen-recit-de-son-combat-contre-une-tumeur-au-cerveau\/","title":{"rendered":"T\u00e9moignage de Florence Anen : R\u00e9cit de son combat contre une tumeur au cerveau"},"content":{"rendered":"<p>Mis \u00e0 jour le 06\/01\/2026<\/p>\n\n\n\n<p><em>\u00ab Tout a commenc\u00e9 le 9 mars 2009, j\u2019avais 39 ans. Je me sentais fatigu\u00e9e<br>depuis quelques temps. Un jour, j\u2019ai commenc\u00e9 \u00e0 voir double et ressentir une<br>paralysie qui a fini par affecter toute une partie de mon visage. \u00bb <\/em><\/p>\n\n\n\n<p>Un peu plus tard, Florence apprendra qu\u2019elle est atteinte <a href=\"https:\/\/mesmomentsprecieux.fr\/en\/traitements\/le-ruban-gris-pour-manifester-sa-solidarite-aupres-des-personnes-qui-sont-ou-qui-ont-ete-atteintes-dune-tumeur-au-cerveau\/\" target=\"_blank\" rel=\"noreferrer noopener\">d\u2019une tumeur au cerveau<\/a>. Malgr\u00e9 plusieurs tentatives de traitement rest\u00e9es sans succ\u00e8s, Florence ne s\u2019avoue pas vaincue et poursuit ses recherches dans l\u2019espoir de trouver d\u2019autres <a aria-label=\"options de traitement (opens in a new tab)\" rel=\"noreferrer noopener\" href=\"https:\/\/mesmomentsprecieux.fr\/en\/traitements\/quelles-options-therapeutiques-soffrent-a-nous-lorsque-lon-a-un-cancer\/\" target=\"_blank\">options de traitement<\/a>. Son attention se porte sur la <a aria-label=\" (opens in a new tab)\" href=\"https:\/\/mesmomentsprecieux.fr\/en\/traitements\/quest-ce-que-la-radiotherapie-innovante-de-precision\/\" target=\"_blank\" rel=\"noreferrer noopener\">radioth\u00e9rapie st\u00e9r\u00e9otaxique robotis\u00e9e<\/a>. <\/p>\n\n\n\n<p><em>\u00ab Lorsque j\u2019ai appris que j\u2019allais \u00eatre trait\u00e9e par cette technique, j\u2019ai retrouv\u00e9 l\u2019espoir. Tout ce que je voulais, c\u2019\u00e9tait gu\u00e9rir, surtout pour mon fils, je ne voulais pas qu\u2019il reste seul. <em><a href=\"https:\/\/mesmomentsprecieux.fr\/en\/temoignages\/comment-expliquer-a-mes-enfants-que-jai-un-cancer-2\/\" target=\"_blank\" rel=\"noreferrer noopener\">Je lui ai dit la v\u00e9rit\u00e9 et lui ai expliqu\u00e9 que j\u2019allais suivre un nouveau traitement<\/a><\/em>. <\/em><\/p>\n\n\n\n<p><em>J\u2019ai commenc\u00e9 ce traitement en mars 2010. Au total, j\u2019ai r\u00e9alis\u00e9 5 s\u00e9ances d\u2019une heure chacune. Peu de temps apr\u00e8s la derni\u00e8re s\u00e9ance, le docteur a not\u00e9 une r\u00e9duction de <em><a href=\"https:\/\/mesmomentsprecieux.fr\/en\/prevention\/tout-ce-que-vous-devez-savoir-a-propos-des-tumeurs-du-systeme-nerveux-central\/\" target=\"_blank\" rel=\"noreferrer noopener\">tumeur<\/a><\/em>. La premi\u00e8re s\u00e9ance a \u00e9t\u00e9 un peu \u00e9prouvante car j\u2019\u00e9tais <em><a href=\"https:\/\/mesmomentsprecieux.fr\/en\/vivre-avec\/vivre-avec-un-cancer-comment-avoir-de-la-determination-vous-aide-a-combler-vos-aspirations\/\" target=\"_blank\" rel=\"noreferrer noopener\">stress\u00e9e<\/a><\/em> mais je me suis rapidement adapt\u00e9e et je n\u2019avais plus <em><a href=\"https:\/\/mesmomentsprecieux.fr\/en\/vivre-avec\/aide-psycho-oncologique-quels-benefices-pour-les-malades-et-leurs-proches\/\" target=\"_blank\" rel=\"noreferrer noopener\">peur<\/a><\/em> apr\u00e8s quelques s\u00e9ances. J\u2019ai tr\u00e8s bien v\u00e9cu mon traitement, je n\u2019\u00e9tais jamais angoiss\u00e9e, je me disais qu\u2019au pire, je pourrais retourner voir mon petit robot, je l\u2019avais humanis\u00e9. <\/em><\/p>\n\n\n\n<p><em>Une fois mon traitement en place, j\u2019ai rapidement <em><a href=\"https:\/\/mesmomentsprecieux.fr\/en\/vivre-avec\/comment-mieux-vivre-son-apres-cancer\/\" target=\"_blank\" rel=\"noreferrer noopener\">retrouv\u00e9 confiance en l\u2019avenir<\/a><\/em> et je me sentais moins <em><a href=\"https:\/\/mesmomentsprecieux.fr\/en\/vivre-avec\/peut-on-lutter-contre-la-fatigue-pendant-un-cancer\/\" target=\"_blank\" rel=\"noreferrer noopener\">fatigu\u00e9e<\/a><\/em>. Ce qui \u00e9tait g\u00e9nial, c\u2019est que je n\u2019avais pas <em><a href=\"https:\/\/mesmomentsprecieux.fr\/en\/traitements\/comment-preserver-sa-qualite-de-vie-pendant-un-traitement-par-radiotherapie\/\" target=\"_blank\" rel=\"noreferrer noopener\">d\u2019effets ind\u00e9sirables<\/a><\/em>, je pouvais faire <em><a href=\"https:\/\/mesmomentsprecieux.fr\/en\/vivre-avec\/vivre-avec-le-cancer-se-creer-un-nouveau-quotidien-avec-la-maladie\/\" target=\"_blank\" rel=\"noreferrer noopener\">toutes les choses que je faisais avant<\/a>.<\/em><\/em><\/p>\n\n\n\n<figure class=\"wp-block-image\"><img fetchpriority=\"high\" decoding=\"async\" width=\"1024\" height=\"768\" src=\"https:\/\/mesmomentsprec.wpengine.com\/wp-content\/uploads\/DSCF7282-1024x768.jpg\" alt=\"\" class=\"wp-image-271\"\/><\/figure>\n\n\n\n<div style=\"height:20px\" aria-hidden=\"true\" class=\"wp-block-spacer\"><\/div>\n\n\n\n<p><em>Apr\u00e8s mon traitement, <em><a href=\"https:\/\/mesmomentsprecieux.fr\/en\/vivre-avec\/reprendre-le-travail-apres-un-cancer\/\" target=\"_blank\" rel=\"noreferrer noopener\">j\u2019ai repris le travail<\/a><\/em> tr\u00e8s rapidement \u00e0 mi-temps, il m\u2019\u00e9tait possible de retravailler normalement. <\/em><\/p>\n\n\n\n<p><em>Ce qui a \u00e9t\u00e9 le plus difficile pour moi, c\u2019est qu\u2019inconsciemment, <em><a href=\"https:\/\/mesmomentsprecieux.fr\/en\/temoignages\/les-personnes-avec-lesquelles-je-peux-rire-et-pleurer-sont-celles-qui-maident-le-plus\/\" target=\"_blank\" rel=\"noreferrer noopener\">certaines personnes de mon entourage me regardaient diff\u00e9remment<\/a><\/em> et que je pouvais parfois avoir l\u2019impression, paradoxalement, de devoir prouver mes capacit\u00e9s \u00e0 nouveau. <\/em><\/p>\n\n\n\n<p><em>Au d\u00e9but, je devais aller faire <em><a href=\"https:\/\/mesmomentsprecieux.fr\/en\/vivre-avec\/les-soins-de-suite-et-de-readaptation-ssr-en-oncologie-vers-une-reprise-de-la-vie-quotidienne\/\" target=\"_blank\" rel=\"noreferrer noopener\">un contr\u00f4le tous les 6 mois<\/a><\/em> et maintenant ce n\u2019est plus qu\u2019une fois par an. <\/em><\/p>\n\n\n\n<p><em>En parall\u00e8le, j\u2019ai \u00e9t\u00e9 diagnostiqu\u00e9e en 2017 d\u2019<a href=\"https:\/\/mesmomentsprecieux.fr\/wp-content\/uploads\/25-faits-sur-les-tumeurs-cerebrales.pdf\" target=\"_blank\" rel=\"noreferrer noopener\">un neurinome de l\u2019acoustique, \u00e9galement appel\u00e9 schwannome<\/a><a href=\"https:\/\/mesmomentsprecieux.fr\/wp-content\/uploads\/25-faits-sur-les-tumeurs-cerebrales.pdf\"> vestibulaire<\/a>, qui avait pour cons\u00e9quence des effets secondaires insupportables. J\u2019ai pu b\u00e9n\u00e9ficier pour le traiter de 3 nouvelles s\u00e9ances de radioth\u00e9rapie st\u00e9r\u00e9otaxique robotis\u00e9e qui m\u2019ont beaucoup aid\u00e9e. \u00c0 ce jour, j\u2019ai toujours des acouph\u00e8nes, que je ressens en moindre intensit\u00e9 depuis que j\u2019ai un appareillage auditif. Je ne pr\u00e9sente quasiment plus de vertiges et aujourd\u2019hui je me sens mieux.<\/em><\/p>\n\n\n\n<p><em>\u00c0 l\u2019heure actuelle, il y a tellement de personnes qui ne connaissent pas l\u2019existence de <em><a href=\"https:\/\/mesmomentsprecieux.fr\/en\/temoignages\/du-depistage-a-son-traitement-par-radiotherapie-le-temoignage-de-laurence-face-au-cancer-du-sein\/\" target=\"_blank\" rel=\"noreferrer noopener\">la radioth\u00e9rapie st\u00e9r\u00e9otaxique robotis\u00e9e<\/a><\/em> et tout ce que cette technique peut permettre de faire. Je souhaite que plus de personnes puissent y avoir acc\u00e8s. \u00bb<\/em><\/p>\n\n\n\n<p>Cet article vous a int\u00e9ress\u00e9\u00a0? Nous vous invitons \u00e0 lire \u00e9galement l\u2019infographie <a href=\"https:\/\/mesmomentsprecieux.fr\/en\/traitements\/tout-ce-que-vous-devez-savoir-a-propos-de-la-radiotherapie\/\" target=\"_blank\" rel=\"noreferrer noopener\">\u00ab\u00a0TOUT CE QUE VOUS DEVEZ SAVOIR \u00c0 PROPOS DE LA RADIOTH\u00c9RAPIE\u00a0\u00bb\u00a0<\/a>: <a href=\"https:\/\/mesmomentsprecieux.fr\/en\/traitements\/tout-ce-que-vous-devez-savoir-a-propos-de-la-radiotherapie\/\" target=\"_blank\" rel=\"noreferrer noopener\">https:\/\/mesmomentsprecieux.fr\/traitements\/tout-ce-que-vous-devez-savoir-a-propos-de-la-radiotherapie\/<\/a><\/p>\n\n\n\n<p><\/p>","protected":false},"excerpt":{"rendered":"<p>Mis \u00e0 jour le 06\/01\/2026 \u00ab Tout a commenc\u00e9 le 9 mars 2009, j\u2019avais 39 ans. Je me sentais fatigu\u00e9edepuis quelques temps. Un jour, j\u2019ai commenc\u00e9 \u00e0 voir double et ressentir uneparalysie qui a fini par affecter toute une partie de mon visage. \u00bb Un peu plus tard, Florence apprendra qu\u2019elle est atteinte d\u2019une tumeur [&hellip;]<\/p>\n","protected":false},"author":5,"featured_media":270,"comment_status":"open","ping_status":"open","sticky":false,"template":"","format":"standard","meta":{"inline_featured_image":false,"footnotes":""},"categories":[8],"tags":[],"class_list":["post-269","post","type-post","status-publish","format-standard","has-post-thumbnail","hentry","category-temoignages"],"yoast_head":"<!-- This site is optimized with the Yoast SEO plugin v27.4 - https:\/\/yoast.com\/product\/yoast-seo-wordpress\/ -->\n<title>T\u00e9moignage de Florence Anen : R\u00e9cit de son combat contre une tumeur au cerveau - mesmomentsprecieux<\/title>\n<meta name=\"description\" content=\"\u00ab Tout a commenc\u00e9 le 9 mars 2009, j\u2019avais 39 ans. Je me sentais fatigu\u00e9e depuis quelques temps. Un jour, j\u2019ai commenc\u00e9 \u00e0 voir double et ressentir une paralysie qui a fini par affecter toute une partie de mon visage. \u00bb\" \/>\n<meta name=\"robots\" content=\"index, follow, max-snippet:-1, max-image-preview:large, max-video-preview:-1\" \/>\n<link rel=\"canonical\" href=\"https:\/\/mesmomentsprecieux.fr\/en\/temoignages\/temoignage-de-florence-anen-recit-de-son-combat-contre-une-tumeur-au-cerveau\/\" \/>\n<meta property=\"og:locale\" content=\"en_US\" \/>\n<meta property=\"og:type\" content=\"article\" \/>\n<meta property=\"og:title\" content=\"T\u00e9moignage de Florence Anen : R\u00e9cit de son combat contre une tumeur au cerveau - mesmomentsprecieux\" \/>\n<meta property=\"og:description\" content=\"\u00ab Tout a commenc\u00e9 le 9 mars 2009, j\u2019avais 39 ans. Je me sentais fatigu\u00e9e depuis quelques temps. Un jour, j\u2019ai commenc\u00e9 \u00e0 voir double et ressentir une paralysie qui a fini par affecter toute une partie de mon visage. \u00bb\" \/>\n<meta property=\"og:url\" content=\"https:\/\/mesmomentsprecieux.fr\/en\/temoignages\/temoignage-de-florence-anen-recit-de-son-combat-contre-une-tumeur-au-cerveau\/\" \/>\n<meta property=\"og:site_name\" content=\"mesmomentsprecieux\" \/>\n<meta property=\"article:published_time\" content=\"2019-12-12T13:11:25+00:00\" \/>\n<meta property=\"article:modified_time\" content=\"2026-01-06T11:28:35+00:00\" \/>\n<meta property=\"og:image\" content=\"https:\/\/mesmomentsprecieux.fr\/wp-content\/uploads\/DSCF7285-e1576671074317.jpg\" \/>\n\t<meta property=\"og:image:width\" content=\"1100\" \/>\n\t<meta property=\"og:image:height\" content=\"825\" \/>\n\t<meta property=\"og:image:type\" content=\"image\/jpeg\" \/>\n<meta name=\"author\" content=\"Laura Church\" \/>\n<meta name=\"twitter:card\" content=\"summary_large_image\" \/>\n<meta name=\"twitter:label1\" content=\"Written by\" \/>\n\t<meta name=\"twitter:data1\" content=\"Laura Church\" \/>\n\t<meta name=\"twitter:label2\" content=\"Est. reading time\" \/>\n\t<meta name=\"twitter:data2\" content=\"3 minutes\" \/>\n<script type=\"application\/ld+json\" class=\"yoast-schema-graph\">{\"@context\":\"https:\\\/\\\/schema.org\",\"@graph\":[{\"@type\":\"Article\",\"@id\":\"https:\\\/\\\/mesmomentsprecieux.fr\\\/temoignages\\\/temoignage-de-florence-anen-recit-de-son-combat-contre-une-tumeur-au-cerveau\\\/#article\",\"isPartOf\":{\"@id\":\"https:\\\/\\\/mesmomentsprecieux.fr\\\/temoignages\\\/temoignage-de-florence-anen-recit-de-son-combat-contre-une-tumeur-au-cerveau\\\/\"},\"author\":{\"name\":\"Laura Church\",\"@id\":\"https:\\\/\\\/mesmomentsprecieux.fr\\\/#\\\/schema\\\/person\\\/02cff9efa6bc8aa98a6b4135aabf7fc7\"},\"headline\":\"T\u00e9moignage de Florence Anen : R\u00e9cit de son combat contre une tumeur au cerveau\",\"datePublished\":\"2019-12-12T13:11:25+00:00\",\"dateModified\":\"2026-01-06T11:28:35+00:00\",\"mainEntityOfPage\":{\"@id\":\"https:\\\/\\\/mesmomentsprecieux.fr\\\/temoignages\\\/temoignage-de-florence-anen-recit-de-son-combat-contre-une-tumeur-au-cerveau\\\/\"},\"wordCount\":566,\"commentCount\":0,\"image\":{\"@id\":\"https:\\\/\\\/mesmomentsprecieux.fr\\\/temoignages\\\/temoignage-de-florence-anen-recit-de-son-combat-contre-une-tumeur-au-cerveau\\\/#primaryimage\"},\"thumbnailUrl\":\"https:\\\/\\\/mesmomentsprecieux.fr\\\/wp-content\\\/uploads\\\/DSCF7285-e1576671074317.jpg\",\"articleSection\":[\"T\u00e9moignages\"],\"inLanguage\":\"en-US\",\"potentialAction\":[{\"@type\":\"CommentAction\",\"name\":\"Comment\",\"target\":[\"https:\\\/\\\/mesmomentsprecieux.fr\\\/temoignages\\\/temoignage-de-florence-anen-recit-de-son-combat-contre-une-tumeur-au-cerveau\\\/#respond\"]}]},{\"@type\":\"WebPage\",\"@id\":\"https:\\\/\\\/mesmomentsprecieux.fr\\\/temoignages\\\/temoignage-de-florence-anen-recit-de-son-combat-contre-une-tumeur-au-cerveau\\\/\",\"url\":\"https:\\\/\\\/mesmomentsprecieux.fr\\\/temoignages\\\/temoignage-de-florence-anen-recit-de-son-combat-contre-une-tumeur-au-cerveau\\\/\",\"name\":\"T\u00e9moignage de Florence Anen : R\u00e9cit de son combat contre une tumeur au cerveau - mesmomentsprecieux\",\"isPartOf\":{\"@id\":\"https:\\\/\\\/mesmomentsprecieux.fr\\\/#website\"},\"primaryImageOfPage\":{\"@id\":\"https:\\\/\\\/mesmomentsprecieux.fr\\\/temoignages\\\/temoignage-de-florence-anen-recit-de-son-combat-contre-une-tumeur-au-cerveau\\\/#primaryimage\"},\"image\":{\"@id\":\"https:\\\/\\\/mesmomentsprecieux.fr\\\/temoignages\\\/temoignage-de-florence-anen-recit-de-son-combat-contre-une-tumeur-au-cerveau\\\/#primaryimage\"},\"thumbnailUrl\":\"https:\\\/\\\/mesmomentsprecieux.fr\\\/wp-content\\\/uploads\\\/DSCF7285-e1576671074317.jpg\",\"datePublished\":\"2019-12-12T13:11:25+00:00\",\"dateModified\":\"2026-01-06T11:28:35+00:00\",\"author\":{\"@id\":\"https:\\\/\\\/mesmomentsprecieux.fr\\\/#\\\/schema\\\/person\\\/02cff9efa6bc8aa98a6b4135aabf7fc7\"},\"description\":\"\u00ab Tout a commenc\u00e9 le 9 mars 2009, j\u2019avais 39 ans. Je me sentais fatigu\u00e9e depuis quelques temps. Un jour, j\u2019ai commenc\u00e9 \u00e0 voir double et ressentir une paralysie qui a fini par affecter toute une partie de mon visage. \u00bb\",\"breadcrumb\":{\"@id\":\"https:\\\/\\\/mesmomentsprecieux.fr\\\/temoignages\\\/temoignage-de-florence-anen-recit-de-son-combat-contre-une-tumeur-au-cerveau\\\/#breadcrumb\"},\"inLanguage\":\"en-US\",\"potentialAction\":[{\"@type\":\"ReadAction\",\"target\":[\"https:\\\/\\\/mesmomentsprecieux.fr\\\/temoignages\\\/temoignage-de-florence-anen-recit-de-son-combat-contre-une-tumeur-au-cerveau\\\/\"]}]},{\"@type\":\"ImageObject\",\"inLanguage\":\"en-US\",\"@id\":\"https:\\\/\\\/mesmomentsprecieux.fr\\\/temoignages\\\/temoignage-de-florence-anen-recit-de-son-combat-contre-une-tumeur-au-cerveau\\\/#primaryimage\",\"url\":\"https:\\\/\\\/mesmomentsprecieux.fr\\\/wp-content\\\/uploads\\\/DSCF7285-e1576671074317.jpg\",\"contentUrl\":\"https:\\\/\\\/mesmomentsprecieux.fr\\\/wp-content\\\/uploads\\\/DSCF7285-e1576671074317.jpg\",\"width\":1100,\"height\":825},{\"@type\":\"BreadcrumbList\",\"@id\":\"https:\\\/\\\/mesmomentsprecieux.fr\\\/temoignages\\\/temoignage-de-florence-anen-recit-de-son-combat-contre-une-tumeur-au-cerveau\\\/#breadcrumb\",\"itemListElement\":[{\"@type\":\"ListItem\",\"position\":1,\"name\":\"Home\",\"item\":\"https:\\\/\\\/mesmomentsprecieux.fr\\\/\"},{\"@type\":\"ListItem\",\"position\":2,\"name\":\"T\u00e9moignages\",\"item\":\"https:\\\/\\\/mesmomentsprecieux.fr\\\/category\\\/temoignages\\\/\"},{\"@type\":\"ListItem\",\"position\":3,\"name\":\"T\u00e9moignage de Florence Anen : R\u00e9cit de son combat contre une tumeur au cerveau\"}]},{\"@type\":\"WebSite\",\"@id\":\"https:\\\/\\\/mesmomentsprecieux.fr\\\/#website\",\"url\":\"https:\\\/\\\/mesmomentsprecieux.fr\\\/\",\"name\":\"mesmomentsprecieux\",\"description\":\"\",\"potentialAction\":[{\"@type\":\"SearchAction\",\"target\":{\"@type\":\"EntryPoint\",\"urlTemplate\":\"https:\\\/\\\/mesmomentsprecieux.fr\\\/?s={search_term_string}\"},\"query-input\":{\"@type\":\"PropertyValueSpecification\",\"valueRequired\":true,\"valueName\":\"search_term_string\"}}],\"inLanguage\":\"en-US\"},{\"@type\":\"Person\",\"@id\":\"https:\\\/\\\/mesmomentsprecieux.fr\\\/#\\\/schema\\\/person\\\/02cff9efa6bc8aa98a6b4135aabf7fc7\",\"name\":\"Laura Church\",\"image\":{\"@type\":\"ImageObject\",\"inLanguage\":\"en-US\",\"@id\":\"https:\\\/\\\/secure.gravatar.com\\\/avatar\\\/1f8e02faa7df4681ac6cad2a10871acee4980eedb2e2ae670e6a045da788bbb4?s=96&d=mm&r=g\",\"url\":\"https:\\\/\\\/secure.gravatar.com\\\/avatar\\\/1f8e02faa7df4681ac6cad2a10871acee4980eedb2e2ae670e6a045da788bbb4?s=96&d=mm&r=g\",\"contentUrl\":\"https:\\\/\\\/secure.gravatar.com\\\/avatar\\\/1f8e02faa7df4681ac6cad2a10871acee4980eedb2e2ae670e6a045da788bbb4?s=96&d=mm&r=g\",\"caption\":\"Laura Church\"},\"url\":\"https:\\\/\\\/mesmomentsprecieux.fr\\\/en\\\/author\\\/laurac\\\/\"}]}<\/script>\n<!-- \/ Yoast SEO plugin. -->","yoast_head_json":{"title":"T\u00e9moignage de Florence Anen : R\u00e9cit de son combat contre une tumeur au cerveau - mesmomentsprecieux","description":"\u00ab Tout a commenc\u00e9 le 9 mars 2009, j\u2019avais 39 ans. Je me sentais fatigu\u00e9e depuis quelques temps. Un jour, j\u2019ai commenc\u00e9 \u00e0 voir double et ressentir une paralysie qui a fini par affecter toute une partie de mon visage. \u00bb","robots":{"index":"index","follow":"follow","max-snippet":"max-snippet:-1","max-image-preview":"max-image-preview:large","max-video-preview":"max-video-preview:-1"},"canonical":"https:\/\/mesmomentsprecieux.fr\/en\/temoignages\/temoignage-de-florence-anen-recit-de-son-combat-contre-une-tumeur-au-cerveau\/","og_locale":"en_US","og_type":"article","og_title":"T\u00e9moignage de Florence Anen : R\u00e9cit de son combat contre une tumeur au cerveau - mesmomentsprecieux","og_description":"\u00ab Tout a commenc\u00e9 le 9 mars 2009, j\u2019avais 39 ans. Je me sentais fatigu\u00e9e depuis quelques temps. Un jour, j\u2019ai commenc\u00e9 \u00e0 voir double et ressentir une paralysie qui a fini par affecter toute une partie de mon visage. \u00bb","og_url":"https:\/\/mesmomentsprecieux.fr\/en\/temoignages\/temoignage-de-florence-anen-recit-de-son-combat-contre-une-tumeur-au-cerveau\/","og_site_name":"mesmomentsprecieux","article_published_time":"2019-12-12T13:11:25+00:00","article_modified_time":"2026-01-06T11:28:35+00:00","og_image":[{"width":1100,"height":825,"url":"https:\/\/mesmomentsprecieux.fr\/wp-content\/uploads\/DSCF7285-e1576671074317.jpg","type":"image\/jpeg"}],"author":"Laura Church","twitter_card":"summary_large_image","twitter_misc":{"Written by":"Laura Church","Est. reading time":"3 minutes"},"schema":{"@context":"https:\/\/schema.org","@graph":[{"@type":"Article","@id":"https:\/\/mesmomentsprecieux.fr\/temoignages\/temoignage-de-florence-anen-recit-de-son-combat-contre-une-tumeur-au-cerveau\/#article","isPartOf":{"@id":"https:\/\/mesmomentsprecieux.fr\/temoignages\/temoignage-de-florence-anen-recit-de-son-combat-contre-une-tumeur-au-cerveau\/"},"author":{"name":"Laura Church","@id":"https:\/\/mesmomentsprecieux.fr\/#\/schema\/person\/02cff9efa6bc8aa98a6b4135aabf7fc7"},"headline":"T\u00e9moignage de Florence Anen : R\u00e9cit de son combat contre une tumeur au cerveau","datePublished":"2019-12-12T13:11:25+00:00","dateModified":"2026-01-06T11:28:35+00:00","mainEntityOfPage":{"@id":"https:\/\/mesmomentsprecieux.fr\/temoignages\/temoignage-de-florence-anen-recit-de-son-combat-contre-une-tumeur-au-cerveau\/"},"wordCount":566,"commentCount":0,"image":{"@id":"https:\/\/mesmomentsprecieux.fr\/temoignages\/temoignage-de-florence-anen-recit-de-son-combat-contre-une-tumeur-au-cerveau\/#primaryimage"},"thumbnailUrl":"https:\/\/mesmomentsprecieux.fr\/wp-content\/uploads\/DSCF7285-e1576671074317.jpg","articleSection":["T\u00e9moignages"],"inLanguage":"en-US","potentialAction":[{"@type":"CommentAction","name":"Comment","target":["https:\/\/mesmomentsprecieux.fr\/temoignages\/temoignage-de-florence-anen-recit-de-son-combat-contre-une-tumeur-au-cerveau\/#respond"]}]},{"@type":"WebPage","@id":"https:\/\/mesmomentsprecieux.fr\/temoignages\/temoignage-de-florence-anen-recit-de-son-combat-contre-une-tumeur-au-cerveau\/","url":"https:\/\/mesmomentsprecieux.fr\/temoignages\/temoignage-de-florence-anen-recit-de-son-combat-contre-une-tumeur-au-cerveau\/","name":"T\u00e9moignage de Florence Anen : R\u00e9cit de son combat contre une tumeur au cerveau - mesmomentsprecieux","isPartOf":{"@id":"https:\/\/mesmomentsprecieux.fr\/#website"},"primaryImageOfPage":{"@id":"https:\/\/mesmomentsprecieux.fr\/temoignages\/temoignage-de-florence-anen-recit-de-son-combat-contre-une-tumeur-au-cerveau\/#primaryimage"},"image":{"@id":"https:\/\/mesmomentsprecieux.fr\/temoignages\/temoignage-de-florence-anen-recit-de-son-combat-contre-une-tumeur-au-cerveau\/#primaryimage"},"thumbnailUrl":"https:\/\/mesmomentsprecieux.fr\/wp-content\/uploads\/DSCF7285-e1576671074317.jpg","datePublished":"2019-12-12T13:11:25+00:00","dateModified":"2026-01-06T11:28:35+00:00","author":{"@id":"https:\/\/mesmomentsprecieux.fr\/#\/schema\/person\/02cff9efa6bc8aa98a6b4135aabf7fc7"},"description":"\u00ab Tout a commenc\u00e9 le 9 mars 2009, j\u2019avais 39 ans. Je me sentais fatigu\u00e9e depuis quelques temps. Un jour, j\u2019ai commenc\u00e9 \u00e0 voir double et ressentir une paralysie qui a fini par affecter toute une partie de mon visage. \u00bb","breadcrumb":{"@id":"https:\/\/mesmomentsprecieux.fr\/temoignages\/temoignage-de-florence-anen-recit-de-son-combat-contre-une-tumeur-au-cerveau\/#breadcrumb"},"inLanguage":"en-US","potentialAction":[{"@type":"ReadAction","target":["https:\/\/mesmomentsprecieux.fr\/temoignages\/temoignage-de-florence-anen-recit-de-son-combat-contre-une-tumeur-au-cerveau\/"]}]},{"@type":"ImageObject","inLanguage":"en-US","@id":"https:\/\/mesmomentsprecieux.fr\/temoignages\/temoignage-de-florence-anen-recit-de-son-combat-contre-une-tumeur-au-cerveau\/#primaryimage","url":"https:\/\/mesmomentsprecieux.fr\/wp-content\/uploads\/DSCF7285-e1576671074317.jpg","contentUrl":"https:\/\/mesmomentsprecieux.fr\/wp-content\/uploads\/DSCF7285-e1576671074317.jpg","width":1100,"height":825},{"@type":"BreadcrumbList","@id":"https:\/\/mesmomentsprecieux.fr\/temoignages\/temoignage-de-florence-anen-recit-de-son-combat-contre-une-tumeur-au-cerveau\/#breadcrumb","itemListElement":[{"@type":"ListItem","position":1,"name":"Home","item":"https:\/\/mesmomentsprecieux.fr\/"},{"@type":"ListItem","position":2,"name":"T\u00e9moignages","item":"https:\/\/mesmomentsprecieux.fr\/category\/temoignages\/"},{"@type":"ListItem","position":3,"name":"T\u00e9moignage de Florence Anen : R\u00e9cit de son combat contre une tumeur au cerveau"}]},{"@type":"WebSite","@id":"https:\/\/mesmomentsprecieux.fr\/#website","url":"https:\/\/mesmomentsprecieux.fr\/","name":"mesmomentsprecieux","description":"","potentialAction":[{"@type":"SearchAction","target":{"@type":"EntryPoint","urlTemplate":"https:\/\/mesmomentsprecieux.fr\/?s={search_term_string}"},"query-input":{"@type":"PropertyValueSpecification","valueRequired":true,"valueName":"search_term_string"}}],"inLanguage":"en-US"},{"@type":"Person","@id":"https:\/\/mesmomentsprecieux.fr\/#\/schema\/person\/02cff9efa6bc8aa98a6b4135aabf7fc7","name":"Laura Church","image":{"@type":"ImageObject","inLanguage":"en-US","@id":"https:\/\/secure.gravatar.com\/avatar\/1f8e02faa7df4681ac6cad2a10871acee4980eedb2e2ae670e6a045da788bbb4?s=96&d=mm&r=g","url":"https:\/\/secure.gravatar.com\/avatar\/1f8e02faa7df4681ac6cad2a10871acee4980eedb2e2ae670e6a045da788bbb4?s=96&d=mm&r=g","contentUrl":"https:\/\/secure.gravatar.com\/avatar\/1f8e02faa7df4681ac6cad2a10871acee4980eedb2e2ae670e6a045da788bbb4?s=96&d=mm&r=g","caption":"Laura Church"},"url":"https:\/\/mesmomentsprecieux.fr\/en\/author\/laurac\/"}]}},"_links":{"self":[{"href":"https:\/\/mesmomentsprecieux.fr\/en\/wp-json\/wp\/v2\/posts\/269","targetHints":{"allow":["GET"]}}],"collection":[{"href":"https:\/\/mesmomentsprecieux.fr\/en\/wp-json\/wp\/v2\/posts"}],"about":[{"href":"https:\/\/mesmomentsprecieux.fr\/en\/wp-json\/wp\/v2\/types\/post"}],"author":[{"embeddable":true,"href":"https:\/\/mesmomentsprecieux.fr\/en\/wp-json\/wp\/v2\/users\/5"}],"replies":[{"embeddable":true,"href":"https:\/\/mesmomentsprecieux.fr\/en\/wp-json\/wp\/v2\/comments?post=269"}],"version-history":[{"count":0,"href":"https:\/\/mesmomentsprecieux.fr\/en\/wp-json\/wp\/v2\/posts\/269\/revisions"}],"wp:featuredmedia":[{"embeddable":true,"href":"https:\/\/mesmomentsprecieux.fr\/en\/wp-json\/wp\/v2\/media\/270"}],"wp:attachment":[{"href":"https:\/\/mesmomentsprecieux.fr\/en\/wp-json\/wp\/v2\/media?parent=269"}],"wp:term":[{"taxonomy":"category","embeddable":true,"href":"https:\/\/mesmomentsprecieux.fr\/en\/wp-json\/wp\/v2\/categories?post=269"},{"taxonomy":"post_tag","embeddable":true,"href":"https:\/\/mesmomentsprecieux.fr\/en\/wp-json\/wp\/v2\/tags?post=269"}],"curies":[{"name":"wp","href":"https:\/\/api.w.org\/{rel}","templated":true}]}}