{"id":642,"date":"2020-09-21T11:43:27","date_gmt":"2020-09-21T11:43:27","guid":{"rendered":"https:\/\/mesmomentsprecieux.fr\/?p=642"},"modified":"2024-11-06T11:58:12","modified_gmt":"2024-11-06T11:58:12","slug":"movember-changer-le-visage-de-la-sante-masculine","status":"publish","type":"post","link":"https:\/\/mesmomentsprecieux.fr\/en\/cancer-de-la-prostate\/movember-changer-le-visage-de-la-sante-masculine\/","title":{"rendered":"Movember \u2013 Changer le visage de la sant\u00e9 masculine"},"content":{"rendered":"\n<p>Mis \u00e0 jour le 06\/11\/2024<\/p>\n\n\n\n<h2 class=\"wp-block-heading\"><strong>Novembre, mois de sensibilisation<\/strong><\/h2>\n\n\n\n<p>Les hommes ont une esp\u00e9rance de vie plus courte que les femmes\u2026 En effet, les hommes meurent 4,5 ans plus t\u00f4t que les femmes\u00a0et de causes qui peuvent \u00eatre largement \u00e9vit\u00e9es. Or on en parle rarement dans le d\u00e9bat public [1]. L\u2019\u00e9v\u00e9nement <strong>Movember<\/strong> est organis\u00e9 chaque ann\u00e9e au mois de novembre afin d\u2019am\u00e9liorer la sant\u00e9 masculine. D\u00e9di\u00e9 \u00e0 la sensibilisation aux maladies courantes chez les hommes, souvent per\u00e7ues comme <a href=\"https:\/\/mesmomentsprecieux.fr\/cancer-de-la-prostate\/mettre-fin-au-tabou-autour-du-cancer-de-la-prostate-des-personnalites-temoignent\/\" target=\"_blank\" rel=\"noreferrer noopener\">des sujets tabous<\/a>, Movember met l\u2019accent sur <a href=\"https:\/\/mesmomentsprecieux.fr\/cancer-de-la-prostate\/ce-que-vous-devez-savoir-sur-le-cancer-de-la-prostate\/\" target=\"_blank\" rel=\"noreferrer noopener\">le cancer de la prostate<\/a> et <a href=\"https:\/\/mesmomentsprecieux.fr\/prevention\/prevention-et-bilans-de-sante\" target=\"_blank\" rel=\"noreferrer noopener\">des testicules<\/a> et sur les <a href=\"https:\/\/mesmomentsprecieux.fr\/prevention\/21-conseils-pour-preserver-la-sante-et-le-bien-etre-des-hommes\/\" target=\"_blank\" rel=\"noreferrer noopener\">probl\u00e8mes de sant\u00e9 mentale<\/a>, en plus d\u2019attirer l\u2019attention sur la pr\u00e9vention du suicide.<\/p>\n\n\n\n<h2 class=\"wp-block-heading\"><strong>Ensemble pour la sant\u00e9 masculine<\/strong><\/h2>\n\n\n\n<p>Movember est n\u00e9 en 2003 \u00e0 Ad\u00e9la\u00efde, en Australie, \u00e0 l\u2019initiative deux amis, Travis Garone et Luke Slattery. Peu \u00e0 peu, Movember s\u2019est \u00e9tendu \u00e0 toute l\u2019Australie et a gagn\u00e9 d\u2019autres pays du monde, o\u00f9 des \u00e9v\u00e9nements sont organis\u00e9s tous les ans. C\u2019est en 2012 qu\u2019a lieu son lancement officiel en France.<\/p>\n\n\n\n<p>Movember milite pour la pr\u00e9vention du <a href=\"https:\/\/mesmomentsprecieux.fr\/cancer-de-la-prostate\/mettre-fin-au-tabou-autour-du-cancer-de-la-prostate-des-personnalites-temoignent\/\" target=\"_blank\" rel=\"noreferrer noopener\">cancer<\/a> de la prostate et des testicules et <a href=\"https:\/\/mesmomentsprecieux.fr\/cancer-de-la-prostate\/soigner-son-cancer-de-la-prostate-informations-sur-le-diagnostic-et-les-traitements\/\" target=\"_blank\" rel=\"noreferrer noopener\">pour l\u2019acc\u00e8s \u00e0 de meilleurs traitement<\/a>s. La recherche sur <a href=\"https:\/\/mesmomentsprecieux.fr\/vivre-avec\/aide-psycho-oncologique-quels-benefices-pour-les-malades-et-leurs-proches\/\" target=\"_blank\" rel=\"noreferrer noopener\">la d\u00e9pression<\/a> et les troubles bipolaires fait \u00e9galement partie de ses priorit\u00e9s, car ces affections courantes chez les hommes sont rarement diagnostiqu\u00e9es et souvent non trait\u00e9es. Cet \u00e9v\u00e9nement, dont le nom est la contraction des mots anglais \u00ab\u00a0Mustache\u00a0\u00bb et \u00ab\u00a0November\u00a0\u00bb, invite les hommes \u00e0 se laisser pousser la moustache au mois de novembre pour soutenir la sant\u00e9 masculine. L\u2019objectif est \u00e9galement de r\u00e9colter des dons au profit de la recherche sur ces maladies \u00e0 l\u2019\u00e9chelle nationale. Movember s\u2019est donn\u00e9 pour mission de r\u00e9duire de 25\u00a0% le nombre de d\u00e9c\u00e8s pr\u00e9matur\u00e9s caus\u00e9s par ces maladies chez les hommes d\u2019ici \u00e0\u00a02030 [2].<\/p>\n\n\n\n<h2 class=\"wp-block-heading\"><strong>Movember&nbsp;: comment \u00e7a marche&nbsp;?<\/strong><\/h2>\n\n\n\n<p>Les participants peuvent s\u2019inscrire sur le <a href=\"https:\/\/fr.movember.com\">site Web <\/a><a aria-label=\"undefined (opens in a new tab)\" href=\"https:\/\/fr.movember.com\" target=\"_blank\" rel=\"noreferrer noopener\">Movember<\/a> pour relever le d\u00e9fi qui se d\u00e9roule tout au long du mois de novembre. Chacun commence par se raser de pr\u00e8s, puis se laisse pousser la moustache et partage des photos avec sa famille et ses amis afin de r\u00e9colter des fonds pour la bonne cause. Pour ajouter un peu de piment, les participants peuvent s\u2019inscrire \u00e0 un concours bon enfant par \u00e9quipe&nbsp;: celle qui recueillera le maximum de dons remportera la victoire&nbsp;! La quasi-invisibilit\u00e9 de la moustache au d\u00e9but de la phase de repousse est aussi un atout&nbsp;: les in\u00e9vitables questions sur ces poils \u00e9parses qui pointent le bout de leur nez sont l\u2019occasion id\u00e9ale pour les participants d\u2019\u00e9voquer Movember et d\u2019am\u00e9liorer <a href=\"https:\/\/mesmomentsprecieux.fr\/vivre-avec\/plus-forts-ensemble-rubans-de-sensibilisation-et-autres-symboles-de-solidarite\/\" target=\"_blank\" rel=\"noreferrer noopener\">la sensibilisation<\/a>. \u00c0 la fin du mois, un gala est organis\u00e9 pour mettre \u00e0 l\u2019honneur les participants et les \u00e9quipes ayant r\u00e9colt\u00e9 le plus de fonds.<\/p>\n\n\n\n<h2 class=\"wp-block-heading\"><strong>\u00ab&nbsp;Grow a Mo, save a Bro&nbsp;\u00bb&nbsp;: laissez-vous pousser la moustache<\/strong><\/h2>\n\n\n\n<p>Pour participer \u00e0 Movember, vous \u00eates invit\u00e9 \u00e0 proc\u00e9der comme suit&nbsp;:<\/p>\n\n\n\n<figure class=\"wp-block-table\"><table><tbody><tr><td><strong>&nbsp;<\/strong><\/td><td>1. Inscrivez-vous sur <a href=\"https:\/\/fr.movember.com\/?home\" target=\"_blank\" aria-label=\"undefined (opens in a new tab)\" rel=\"noreferrer noopener\">fr.movember.com<\/a> pour devenir membre.<br>2. Avant de commencer, vous devez tout raser&nbsp;! Personne ne triche en Movember. Chaque participant est donc ras\u00e9 de frais le 1<sup>er<\/sup> novembre.<br>3. C\u2019est le moment de se laisser pousser la moustache. Attention, les barbes sont interdites&nbsp;!<br>4. Sensibilisez aux probl\u00e8mes de sant\u00e9 masculine et r\u00e9coltez des fonds au profit de Movember. Vos dons serviront \u00e0 financer divers programmes consacr\u00e9s au cancer de la prostate et des testicules.<\/td><\/tr><\/tbody><\/table><\/figure>\n\n\n\n<figure class=\"wp-block-image size-large is-resized\"><img fetchpriority=\"high\" decoding=\"async\" width=\"1024\" height=\"683\" src=\"https:\/\/mesmomentsprecieux.fr\/wp-content\/uploads\/moustache-303571_1280-1024x683.png\" alt=\"\" class=\"wp-image-644\" style=\"width:580px;height:386px\" srcset=\"https:\/\/mesmomentsprecieux.fr\/wp-content\/uploads\/moustache-303571_1280-1024x683.png 1024w, https:\/\/mesmomentsprecieux.fr\/wp-content\/uploads\/moustache-303571_1280-300x200.png 300w, https:\/\/mesmomentsprecieux.fr\/wp-content\/uploads\/moustache-303571_1280-768x512.png 768w, https:\/\/mesmomentsprecieux.fr\/wp-content\/uploads\/moustache-303571_1280.png 1280w\" sizes=\"(max-width: 1024px) 100vw, 1024px\" \/><\/figure>\n\n\n\n<h2 class=\"wp-block-heading\"><strong>Pratiquez le Move pour Movember<\/strong><\/h2>\n\n\n\n<p>Les participants ont aussi la possibilit\u00e9 de s\u2019engager en participant \u00e0 <a aria-label=\"undefined (opens in a new tab)\" href=\"https:\/\/fr.movember.com\/get-involved\/move\" target=\"_blank\" rel=\"noreferrer noopener\">l\u2019initiative MOVE<\/a>, qui incite les hommes \u00e0 <a href=\"https:\/\/mesmomentsprecieux.fr\/vivre-avec\/exercice-physique-sport-et-cancer\" target=\"_blank\" rel=\"noreferrer noopener\">passer \u00e0 l\u2019action<\/a> pour am\u00e9liorer leur sant\u00e9 et se sentir bien dans un corps sain.<\/p>\n\n\n\n<p>Charge \u00e0 chacun de d\u00e9terminer la distance qu\u2019il souhaite parcourir au cours du mois. Vous pouvez par exemple vous engager \u00e0 marcher ou \u00e0 courir 60 km au cours du mois, pour les 60 hommes qui se suicident chaque heure \u2013 des hommes qui devraient toujours \u00eatre parmi nous aujourd&rsquo;hui. <\/p>\n\n\n\n<p>Vous pouvez rejoindre une \u00e9quipe ou lancer des d\u00e9fis aux autres participants. En partageant vos succ\u00e8s quotidiens, vous incitez aux dons et vous motivez votre communaut\u00e9. Tout est permis pour atteindre votre objectif\u00a0: que vous pr\u00e9f\u00e9riez <a href=\"https:\/\/mesmomentsprecieux.fr\/vivre-avec\/cancer-les-incroyables-bienfaits-therapeutiques-de-lactivite-physique\/\" target=\"_blank\" rel=\"noreferrer noopener\">courir, p\u00e9daler, nager ou ramer<\/a>, l\u2019important est de s\u2019amuser pour la bonne cause, pour vous et pour les autres.<\/p>\n\n\n\n<p>Pour en savoir plus sur Movember, rendez-vous sur le site <a aria-label=\"undefined (opens in a new tab)\" href=\"http:\/\/fr.movember.com\" target=\"_blank\" rel=\"noreferrer noopener\">http:\/\/fr.movember.com<\/a>.<\/p>\n\n\n\n<p>Si vous souhaitez rejoindre <a aria-label=\"undefined (opens in a new tab)\" href=\"https:\/\/mesmomentsprecieux.fr\/vivre-avec\/pourquoi-rejoindre-un-groupe-de-soutien-lorsque-lon-est-atteint-dun-cancer\/\" target=\"_blank\" rel=\"noreferrer noopener\">un groupe de patients<\/a> ou contacter une association, commencez par vous rendre sur le site Web de <a aria-label=\"undefined (opens in a new tab)\" href=\"https:\/\/www.ligue-cancer.net\/\" target=\"_blank\" rel=\"noreferrer noopener\">La Ligue contre le cancer<\/a> pour en savoir plus. Dans le cas du cancer de la prostate ou des testicules, vous pourrez \u00e9galement vous orienter vers l\u2019<a href=\"http:\/\/www.anamacap.fr\/index.php?id=3\" target=\"_blank\" aria-label=\"undefined (opens in a new tab)\" rel=\"noreferrer noopener\">ANAMACaP<a href=\"http:\/\/www.anamacap.fr\/index.php?id=3\"> (Association NAtionale des MAlades du CAncer de la Prostate)<\/a><\/a> ou encore le <a href=\"http:\/\/cerhom.fr\/index.php#edito\" target=\"_blank\" aria-label=\"undefined (opens in a new tab)\" rel=\"noreferrer noopener\">Cerhom (Fin du canCER et d\u00e9but de l&rsquo;HOMme).<\/a><\/p>\n\n\n\n<p>Si cet article vous a int\u00e9ress\u00e9, nous vous invitons \u00e9galement \u00e0 lire l\u2019article \u00ab&nbsp;<a href=\"https:\/\/mesmomentsprecieux.fr\/cancer-de-la-prostate\/mettre-fin-au-tabou-autour-du-cancer-de-la-prostate-des-personnalites-temoignent\/\" target=\"_blank\" rel=\"noreferrer noopener\">Mettre fin au tabou autour du cancer de la prostate \u2013 Des personnalit\u00e9s t\u00e9moignent<\/a>&nbsp;\u00bb&nbsp;: https:\/\/mesmomentsprecieux.fr\/cancer-de-la-prostate\/mettre-fin-au-tabou-autour-du-cancer-de-la-prostate-des-personnalites-temoignent\/.<\/p>\n\n\n\n<hr class=\"wp-block-separator has-css-opacity\"\/>\n\n\n\n<p>[1] La sant\u00e9 mentale et la pr\u00e9vention du suicide. Movember.&nbsp;<a href=\"https:\/\/fr.movember.com\/about\/mental-health\" target=\"_blank\" rel=\"noreferrer noopener\">https:\/\/fr.movember.com\/about\/mental-health<\/a> Consult\u00e9 le 05\/11\/2024<\/p>\n\n\n\n<p>[2] Movember.&nbsp;<a href=\"https:\/\/fr.movember.com\/about\/foundation\" target=\"_blank\" rel=\"noreferrer noopener\">https:\/\/fr.movember.com\/about\/foundation<\/a> Consult\u00e9 le 05\/11\/2024<\/p>\n\n\n\n<p><\/p>\n","protected":false},"excerpt":{"rendered":"<p>Mis \u00e0 jour le 06\/11\/2024 Novembre, mois de sensibilisation Les hommes ont une esp\u00e9rance de vie plus courte que les femmes\u2026 En effet, les hommes meurent 4,5 ans plus t\u00f4t que les femmes\u00a0et de causes qui peuvent \u00eatre largement \u00e9vit\u00e9es. Or on en parle rarement dans le d\u00e9bat public [1]. L\u2019\u00e9v\u00e9nement Movember est organis\u00e9 chaque [&hellip;]<\/p>\n","protected":false},"author":7,"featured_media":643,"comment_status":"open","ping_status":"open","sticky":false,"template":"","format":"standard","meta":{"inline_featured_image":false,"footnotes":""},"categories":[6,14],"tags":[],"class_list":["post-642","post","type-post","status-publish","format-standard","has-post-thumbnail","hentry","category-cancer-de-la-prostate","category-prevention"],"yoast_head":"<!-- This site is optimized with the Yoast SEO plugin v27.4 - https:\/\/yoast.com\/product\/yoast-seo-wordpress\/ -->\n<title>Movember \u2013 Changer le visage de la sant\u00e9 masculine - mesmomentsprecieux<\/title>\n<meta name=\"description\" content=\"L\u2019\u00e9v\u00e9nement Movember est organis\u00e9 chaque ann\u00e9e au mois de novembre afin d\u2019am\u00e9liorer la sant\u00e9 masculine. D\u00e9di\u00e9 \u00e0 la sensibilisation aux maladies courantes chez les hommes, souvent per\u00e7ues comme des sujets tabous, Movember met l\u2019accent sur le cancer de la prostate et des testicules et sur les probl\u00e8mes de sant\u00e9 mentale, en plus d\u2019attirer l\u2019attention sur la pr\u00e9vention du suicide.\" \/>\n<meta name=\"robots\" content=\"index, follow, max-snippet:-1, max-image-preview:large, max-video-preview:-1\" \/>\n<link rel=\"canonical\" href=\"https:\/\/mesmomentsprecieux.fr\/en\/cancer-de-la-prostate\/movember-changer-le-visage-de-la-sante-masculine\/\" \/>\n<meta property=\"og:locale\" content=\"en_US\" \/>\n<meta property=\"og:type\" content=\"article\" \/>\n<meta property=\"og:title\" content=\"Movember \u2013 Changer le visage de la sant\u00e9 masculine - mesmomentsprecieux\" \/>\n<meta property=\"og:description\" content=\"L\u2019\u00e9v\u00e9nement Movember est organis\u00e9 chaque ann\u00e9e au mois de novembre afin d\u2019am\u00e9liorer la sant\u00e9 masculine. D\u00e9di\u00e9 \u00e0 la sensibilisation aux maladies courantes chez les hommes, souvent per\u00e7ues comme des sujets tabous, Movember met l\u2019accent sur le cancer de la prostate et des testicules et sur les probl\u00e8mes de sant\u00e9 mentale, en plus d\u2019attirer l\u2019attention sur la pr\u00e9vention du suicide.\" \/>\n<meta property=\"og:url\" content=\"https:\/\/mesmomentsprecieux.fr\/en\/cancer-de-la-prostate\/movember-changer-le-visage-de-la-sante-masculine\/\" \/>\n<meta property=\"og:site_name\" content=\"mesmomentsprecieux\" \/>\n<meta property=\"article:published_time\" content=\"2020-09-21T11:43:27+00:00\" \/>\n<meta property=\"article:modified_time\" content=\"2024-11-06T11:58:12+00:00\" \/>\n<meta property=\"og:image\" content=\"https:\/\/mesmomentsprecieux.fr\/wp-content\/uploads\/nature-2576652_1920.jpg\" \/>\n\t<meta property=\"og:image:width\" content=\"1920\" \/>\n\t<meta property=\"og:image:height\" content=\"1279\" \/>\n\t<meta property=\"og:image:type\" content=\"image\/jpeg\" \/>\n<meta name=\"author\" content=\"Valerie Dolle\" \/>\n<meta name=\"twitter:card\" content=\"summary_large_image\" \/>\n<meta name=\"twitter:label1\" content=\"Written by\" \/>\n\t<meta name=\"twitter:data1\" content=\"Valerie Dolle\" \/>\n\t<meta name=\"twitter:label2\" content=\"Est. reading time\" \/>\n\t<meta name=\"twitter:data2\" content=\"4 minutes\" \/>\n<script type=\"application\/ld+json\" class=\"yoast-schema-graph\">{\"@context\":\"https:\\\/\\\/schema.org\",\"@graph\":[{\"@type\":\"Article\",\"@id\":\"https:\\\/\\\/mesmomentsprecieux.fr\\\/cancer-de-la-prostate\\\/movember-changer-le-visage-de-la-sante-masculine\\\/#article\",\"isPartOf\":{\"@id\":\"https:\\\/\\\/mesmomentsprecieux.fr\\\/cancer-de-la-prostate\\\/movember-changer-le-visage-de-la-sante-masculine\\\/\"},\"author\":{\"name\":\"Valerie Dolle\",\"@id\":\"https:\\\/\\\/mesmomentsprecieux.fr\\\/#\\\/schema\\\/person\\\/865715b64452f120210b6f909c0362e4\"},\"headline\":\"Movember \u2013 Changer le visage de la sant\u00e9 masculine\",\"datePublished\":\"2020-09-21T11:43:27+00:00\",\"dateModified\":\"2024-11-06T11:58:12+00:00\",\"mainEntityOfPage\":{\"@id\":\"https:\\\/\\\/mesmomentsprecieux.fr\\\/cancer-de-la-prostate\\\/movember-changer-le-visage-de-la-sante-masculine\\\/\"},\"wordCount\":898,\"commentCount\":0,\"image\":{\"@id\":\"https:\\\/\\\/mesmomentsprecieux.fr\\\/cancer-de-la-prostate\\\/movember-changer-le-visage-de-la-sante-masculine\\\/#primaryimage\"},\"thumbnailUrl\":\"https:\\\/\\\/mesmomentsprecieux.fr\\\/wp-content\\\/uploads\\\/nature-2576652_1920.jpg\",\"articleSection\":[\"Cancer de la prostate\",\"Pr\u00e9vention\"],\"inLanguage\":\"en-US\",\"potentialAction\":[{\"@type\":\"CommentAction\",\"name\":\"Comment\",\"target\":[\"https:\\\/\\\/mesmomentsprecieux.fr\\\/cancer-de-la-prostate\\\/movember-changer-le-visage-de-la-sante-masculine\\\/#respond\"]}]},{\"@type\":\"WebPage\",\"@id\":\"https:\\\/\\\/mesmomentsprecieux.fr\\\/cancer-de-la-prostate\\\/movember-changer-le-visage-de-la-sante-masculine\\\/\",\"url\":\"https:\\\/\\\/mesmomentsprecieux.fr\\\/cancer-de-la-prostate\\\/movember-changer-le-visage-de-la-sante-masculine\\\/\",\"name\":\"Movember \u2013 Changer le visage de la sant\u00e9 masculine - mesmomentsprecieux\",\"isPartOf\":{\"@id\":\"https:\\\/\\\/mesmomentsprecieux.fr\\\/#website\"},\"primaryImageOfPage\":{\"@id\":\"https:\\\/\\\/mesmomentsprecieux.fr\\\/cancer-de-la-prostate\\\/movember-changer-le-visage-de-la-sante-masculine\\\/#primaryimage\"},\"image\":{\"@id\":\"https:\\\/\\\/mesmomentsprecieux.fr\\\/cancer-de-la-prostate\\\/movember-changer-le-visage-de-la-sante-masculine\\\/#primaryimage\"},\"thumbnailUrl\":\"https:\\\/\\\/mesmomentsprecieux.fr\\\/wp-content\\\/uploads\\\/nature-2576652_1920.jpg\",\"datePublished\":\"2020-09-21T11:43:27+00:00\",\"dateModified\":\"2024-11-06T11:58:12+00:00\",\"author\":{\"@id\":\"https:\\\/\\\/mesmomentsprecieux.fr\\\/#\\\/schema\\\/person\\\/865715b64452f120210b6f909c0362e4\"},\"description\":\"L\u2019\u00e9v\u00e9nement Movember est organis\u00e9 chaque ann\u00e9e au mois de novembre afin d\u2019am\u00e9liorer la sant\u00e9 masculine. D\u00e9di\u00e9 \u00e0 la sensibilisation aux maladies courantes chez les hommes, souvent per\u00e7ues comme des sujets tabous, Movember met l\u2019accent sur le cancer de la prostate et des testicules et sur les probl\u00e8mes de sant\u00e9 mentale, en plus d\u2019attirer l\u2019attention sur la pr\u00e9vention du suicide.\",\"breadcrumb\":{\"@id\":\"https:\\\/\\\/mesmomentsprecieux.fr\\\/cancer-de-la-prostate\\\/movember-changer-le-visage-de-la-sante-masculine\\\/#breadcrumb\"},\"inLanguage\":\"en-US\",\"potentialAction\":[{\"@type\":\"ReadAction\",\"target\":[\"https:\\\/\\\/mesmomentsprecieux.fr\\\/cancer-de-la-prostate\\\/movember-changer-le-visage-de-la-sante-masculine\\\/\"]}]},{\"@type\":\"ImageObject\",\"inLanguage\":\"en-US\",\"@id\":\"https:\\\/\\\/mesmomentsprecieux.fr\\\/cancer-de-la-prostate\\\/movember-changer-le-visage-de-la-sante-masculine\\\/#primaryimage\",\"url\":\"https:\\\/\\\/mesmomentsprecieux.fr\\\/wp-content\\\/uploads\\\/nature-2576652_1920.jpg\",\"contentUrl\":\"https:\\\/\\\/mesmomentsprecieux.fr\\\/wp-content\\\/uploads\\\/nature-2576652_1920.jpg\",\"width\":1920,\"height\":1279},{\"@type\":\"BreadcrumbList\",\"@id\":\"https:\\\/\\\/mesmomentsprecieux.fr\\\/cancer-de-la-prostate\\\/movember-changer-le-visage-de-la-sante-masculine\\\/#breadcrumb\",\"itemListElement\":[{\"@type\":\"ListItem\",\"position\":1,\"name\":\"Home\",\"item\":\"https:\\\/\\\/mesmomentsprecieux.fr\\\/\"},{\"@type\":\"ListItem\",\"position\":2,\"name\":\"Cancer de la prostate\",\"item\":\"https:\\\/\\\/mesmomentsprecieux.fr\\\/category\\\/cancer-de-la-prostate\\\/\"},{\"@type\":\"ListItem\",\"position\":3,\"name\":\"Movember \u2013 Changer le visage de la sant\u00e9 masculine\"}]},{\"@type\":\"WebSite\",\"@id\":\"https:\\\/\\\/mesmomentsprecieux.fr\\\/#website\",\"url\":\"https:\\\/\\\/mesmomentsprecieux.fr\\\/\",\"name\":\"mesmomentsprecieux\",\"description\":\"\",\"potentialAction\":[{\"@type\":\"SearchAction\",\"target\":{\"@type\":\"EntryPoint\",\"urlTemplate\":\"https:\\\/\\\/mesmomentsprecieux.fr\\\/?s={search_term_string}\"},\"query-input\":{\"@type\":\"PropertyValueSpecification\",\"valueRequired\":true,\"valueName\":\"search_term_string\"}}],\"inLanguage\":\"en-US\"},{\"@type\":\"Person\",\"@id\":\"https:\\\/\\\/mesmomentsprecieux.fr\\\/#\\\/schema\\\/person\\\/865715b64452f120210b6f909c0362e4\",\"name\":\"Valerie Dolle\",\"image\":{\"@type\":\"ImageObject\",\"inLanguage\":\"en-US\",\"@id\":\"https:\\\/\\\/secure.gravatar.com\\\/avatar\\\/83fa9ef10a3e0eb1e1febc98f30e10d840f7692bd7cfdda23639446991342179?s=96&d=mm&r=g\",\"url\":\"https:\\\/\\\/secure.gravatar.com\\\/avatar\\\/83fa9ef10a3e0eb1e1febc98f30e10d840f7692bd7cfdda23639446991342179?s=96&d=mm&r=g\",\"contentUrl\":\"https:\\\/\\\/secure.gravatar.com\\\/avatar\\\/83fa9ef10a3e0eb1e1febc98f30e10d840f7692bd7cfdda23639446991342179?s=96&d=mm&r=g\",\"caption\":\"Valerie Dolle\"},\"url\":\"https:\\\/\\\/mesmomentsprecieux.fr\\\/en\\\/author\\\/valeried\\\/\"}]}<\/script>\n<!-- \/ Yoast SEO plugin. -->","yoast_head_json":{"title":"Movember \u2013 Changer le visage de la sant\u00e9 masculine - mesmomentsprecieux","description":"L\u2019\u00e9v\u00e9nement Movember est organis\u00e9 chaque ann\u00e9e au mois de novembre afin d\u2019am\u00e9liorer la sant\u00e9 masculine. D\u00e9di\u00e9 \u00e0 la sensibilisation aux maladies courantes chez les hommes, souvent per\u00e7ues comme des sujets tabous, Movember met l\u2019accent sur le cancer de la prostate et des testicules et sur les probl\u00e8mes de sant\u00e9 mentale, en plus d\u2019attirer l\u2019attention sur la pr\u00e9vention du suicide.","robots":{"index":"index","follow":"follow","max-snippet":"max-snippet:-1","max-image-preview":"max-image-preview:large","max-video-preview":"max-video-preview:-1"},"canonical":"https:\/\/mesmomentsprecieux.fr\/en\/cancer-de-la-prostate\/movember-changer-le-visage-de-la-sante-masculine\/","og_locale":"en_US","og_type":"article","og_title":"Movember \u2013 Changer le visage de la sant\u00e9 masculine - mesmomentsprecieux","og_description":"L\u2019\u00e9v\u00e9nement Movember est organis\u00e9 chaque ann\u00e9e au mois de novembre afin d\u2019am\u00e9liorer la sant\u00e9 masculine. D\u00e9di\u00e9 \u00e0 la sensibilisation aux maladies courantes chez les hommes, souvent per\u00e7ues comme des sujets tabous, Movember met l\u2019accent sur le cancer de la prostate et des testicules et sur les probl\u00e8mes de sant\u00e9 mentale, en plus d\u2019attirer l\u2019attention sur la pr\u00e9vention du suicide.","og_url":"https:\/\/mesmomentsprecieux.fr\/en\/cancer-de-la-prostate\/movember-changer-le-visage-de-la-sante-masculine\/","og_site_name":"mesmomentsprecieux","article_published_time":"2020-09-21T11:43:27+00:00","article_modified_time":"2024-11-06T11:58:12+00:00","og_image":[{"width":1920,"height":1279,"url":"https:\/\/mesmomentsprecieux.fr\/wp-content\/uploads\/nature-2576652_1920.jpg","type":"image\/jpeg"}],"author":"Valerie Dolle","twitter_card":"summary_large_image","twitter_misc":{"Written by":"Valerie Dolle","Est. reading time":"4 minutes"},"schema":{"@context":"https:\/\/schema.org","@graph":[{"@type":"Article","@id":"https:\/\/mesmomentsprecieux.fr\/cancer-de-la-prostate\/movember-changer-le-visage-de-la-sante-masculine\/#article","isPartOf":{"@id":"https:\/\/mesmomentsprecieux.fr\/cancer-de-la-prostate\/movember-changer-le-visage-de-la-sante-masculine\/"},"author":{"name":"Valerie Dolle","@id":"https:\/\/mesmomentsprecieux.fr\/#\/schema\/person\/865715b64452f120210b6f909c0362e4"},"headline":"Movember \u2013 Changer le visage de la sant\u00e9 masculine","datePublished":"2020-09-21T11:43:27+00:00","dateModified":"2024-11-06T11:58:12+00:00","mainEntityOfPage":{"@id":"https:\/\/mesmomentsprecieux.fr\/cancer-de-la-prostate\/movember-changer-le-visage-de-la-sante-masculine\/"},"wordCount":898,"commentCount":0,"image":{"@id":"https:\/\/mesmomentsprecieux.fr\/cancer-de-la-prostate\/movember-changer-le-visage-de-la-sante-masculine\/#primaryimage"},"thumbnailUrl":"https:\/\/mesmomentsprecieux.fr\/wp-content\/uploads\/nature-2576652_1920.jpg","articleSection":["Cancer de la prostate","Pr\u00e9vention"],"inLanguage":"en-US","potentialAction":[{"@type":"CommentAction","name":"Comment","target":["https:\/\/mesmomentsprecieux.fr\/cancer-de-la-prostate\/movember-changer-le-visage-de-la-sante-masculine\/#respond"]}]},{"@type":"WebPage","@id":"https:\/\/mesmomentsprecieux.fr\/cancer-de-la-prostate\/movember-changer-le-visage-de-la-sante-masculine\/","url":"https:\/\/mesmomentsprecieux.fr\/cancer-de-la-prostate\/movember-changer-le-visage-de-la-sante-masculine\/","name":"Movember \u2013 Changer le visage de la sant\u00e9 masculine - mesmomentsprecieux","isPartOf":{"@id":"https:\/\/mesmomentsprecieux.fr\/#website"},"primaryImageOfPage":{"@id":"https:\/\/mesmomentsprecieux.fr\/cancer-de-la-prostate\/movember-changer-le-visage-de-la-sante-masculine\/#primaryimage"},"image":{"@id":"https:\/\/mesmomentsprecieux.fr\/cancer-de-la-prostate\/movember-changer-le-visage-de-la-sante-masculine\/#primaryimage"},"thumbnailUrl":"https:\/\/mesmomentsprecieux.fr\/wp-content\/uploads\/nature-2576652_1920.jpg","datePublished":"2020-09-21T11:43:27+00:00","dateModified":"2024-11-06T11:58:12+00:00","author":{"@id":"https:\/\/mesmomentsprecieux.fr\/#\/schema\/person\/865715b64452f120210b6f909c0362e4"},"description":"L\u2019\u00e9v\u00e9nement Movember est organis\u00e9 chaque ann\u00e9e au mois de novembre afin d\u2019am\u00e9liorer la sant\u00e9 masculine. D\u00e9di\u00e9 \u00e0 la sensibilisation aux maladies courantes chez les hommes, souvent per\u00e7ues comme des sujets tabous, Movember met l\u2019accent sur le cancer de la prostate et des testicules et sur les probl\u00e8mes de sant\u00e9 mentale, en plus d\u2019attirer l\u2019attention sur la pr\u00e9vention du suicide.","breadcrumb":{"@id":"https:\/\/mesmomentsprecieux.fr\/cancer-de-la-prostate\/movember-changer-le-visage-de-la-sante-masculine\/#breadcrumb"},"inLanguage":"en-US","potentialAction":[{"@type":"ReadAction","target":["https:\/\/mesmomentsprecieux.fr\/cancer-de-la-prostate\/movember-changer-le-visage-de-la-sante-masculine\/"]}]},{"@type":"ImageObject","inLanguage":"en-US","@id":"https:\/\/mesmomentsprecieux.fr\/cancer-de-la-prostate\/movember-changer-le-visage-de-la-sante-masculine\/#primaryimage","url":"https:\/\/mesmomentsprecieux.fr\/wp-content\/uploads\/nature-2576652_1920.jpg","contentUrl":"https:\/\/mesmomentsprecieux.fr\/wp-content\/uploads\/nature-2576652_1920.jpg","width":1920,"height":1279},{"@type":"BreadcrumbList","@id":"https:\/\/mesmomentsprecieux.fr\/cancer-de-la-prostate\/movember-changer-le-visage-de-la-sante-masculine\/#breadcrumb","itemListElement":[{"@type":"ListItem","position":1,"name":"Home","item":"https:\/\/mesmomentsprecieux.fr\/"},{"@type":"ListItem","position":2,"name":"Cancer de la prostate","item":"https:\/\/mesmomentsprecieux.fr\/category\/cancer-de-la-prostate\/"},{"@type":"ListItem","position":3,"name":"Movember \u2013 Changer le visage de la sant\u00e9 masculine"}]},{"@type":"WebSite","@id":"https:\/\/mesmomentsprecieux.fr\/#website","url":"https:\/\/mesmomentsprecieux.fr\/","name":"mesmomentsprecieux","description":"","potentialAction":[{"@type":"SearchAction","target":{"@type":"EntryPoint","urlTemplate":"https:\/\/mesmomentsprecieux.fr\/?s={search_term_string}"},"query-input":{"@type":"PropertyValueSpecification","valueRequired":true,"valueName":"search_term_string"}}],"inLanguage":"en-US"},{"@type":"Person","@id":"https:\/\/mesmomentsprecieux.fr\/#\/schema\/person\/865715b64452f120210b6f909c0362e4","name":"Valerie Dolle","image":{"@type":"ImageObject","inLanguage":"en-US","@id":"https:\/\/secure.gravatar.com\/avatar\/83fa9ef10a3e0eb1e1febc98f30e10d840f7692bd7cfdda23639446991342179?s=96&d=mm&r=g","url":"https:\/\/secure.gravatar.com\/avatar\/83fa9ef10a3e0eb1e1febc98f30e10d840f7692bd7cfdda23639446991342179?s=96&d=mm&r=g","contentUrl":"https:\/\/secure.gravatar.com\/avatar\/83fa9ef10a3e0eb1e1febc98f30e10d840f7692bd7cfdda23639446991342179?s=96&d=mm&r=g","caption":"Valerie Dolle"},"url":"https:\/\/mesmomentsprecieux.fr\/en\/author\/valeried\/"}]}},"_links":{"self":[{"href":"https:\/\/mesmomentsprecieux.fr\/en\/wp-json\/wp\/v2\/posts\/642","targetHints":{"allow":["GET"]}}],"collection":[{"href":"https:\/\/mesmomentsprecieux.fr\/en\/wp-json\/wp\/v2\/posts"}],"about":[{"href":"https:\/\/mesmomentsprecieux.fr\/en\/wp-json\/wp\/v2\/types\/post"}],"author":[{"embeddable":true,"href":"https:\/\/mesmomentsprecieux.fr\/en\/wp-json\/wp\/v2\/users\/7"}],"replies":[{"embeddable":true,"href":"https:\/\/mesmomentsprecieux.fr\/en\/wp-json\/wp\/v2\/comments?post=642"}],"version-history":[{"count":0,"href":"https:\/\/mesmomentsprecieux.fr\/en\/wp-json\/wp\/v2\/posts\/642\/revisions"}],"wp:featuredmedia":[{"embeddable":true,"href":"https:\/\/mesmomentsprecieux.fr\/en\/wp-json\/wp\/v2\/media\/643"}],"wp:attachment":[{"href":"https:\/\/mesmomentsprecieux.fr\/en\/wp-json\/wp\/v2\/media?parent=642"}],"wp:term":[{"taxonomy":"category","embeddable":true,"href":"https:\/\/mesmomentsprecieux.fr\/en\/wp-json\/wp\/v2\/categories?post=642"},{"taxonomy":"post_tag","embeddable":true,"href":"https:\/\/mesmomentsprecieux.fr\/en\/wp-json\/wp\/v2\/tags?post=642"}],"curies":[{"name":"wp","href":"https:\/\/api.w.org\/{rel}","templated":true}]}}